{"id":10009,"date":"2025-04-16T21:05:13","date_gmt":"2025-04-17T00:05:13","guid":{"rendered":"https:\/\/focotocantinense.com.br\/?p=10009"},"modified":"2025-04-16T21:05:55","modified_gmt":"2025-04-17T00:05:55","slug":"inscricoes-abertas-para-a-2a-edicao-da-noite-de-compositores-em-palmas-to","status":"publish","type":"post","link":"https:\/\/focotocantinense.com.br\/?p=10009","title":{"rendered":"Inscri\u00e7\u00f5es abertas para a 2\u00aa edi\u00e7\u00e3o da Noite de Compositores em Palmas (TO)"},"content":{"rendered":"\n<p>A Alternativa Produ\u00e7\u00f5es abre inscri\u00e7\u00f5es para a segunda edi\u00e7\u00e3o da Noite de Compositores, evento que tem como miss\u00e3o fortalecer a cena musical autoral e dar visibilidade a artistas independentes. A apresenta\u00e7\u00e3o ser\u00e1 realizada no dia 30 de abril, a partir das 20 horas, Bar do Torresmo, em Palmas (TO).<\/p>\n\n\n\n<p>Nesta edi\u00e7\u00e3o, ser\u00e3o selecionados 10 compositores tocantinenses ou residentes no estado, que ter\u00e3o a oportunidade de apresentar duas m\u00fasicas autorais cada. Os selecionados tamb\u00e9m receber\u00e3o ajuda de custo no valor de R$ 150,00 para participa\u00e7\u00e3o no evento.<\/p>\n\n\n\n<figure class=\"wp-block-image size-full is-resized\"><img loading=\"lazy\" decoding=\"async\" width=\"854\" height=\"385\" src=\"https:\/\/focotocantinense.com.br\/wp-content\/uploads\/2025\/04\/aaaaaaaaaaaa-1.jpeg\" alt=\"\" class=\"wp-image-10010\" style=\"width:351px;height:auto\" srcset=\"https:\/\/focotocantinense.com.br\/wp-content\/uploads\/2025\/04\/aaaaaaaaaaaa-1.jpeg 854w, https:\/\/focotocantinense.com.br\/wp-content\/uploads\/2025\/04\/aaaaaaaaaaaa-1-300x135.jpeg 300w, https:\/\/focotocantinense.com.br\/wp-content\/uploads\/2025\/04\/aaaaaaaaaaaa-1-768x346.jpeg 768w\" sizes=\"auto, (max-width: 854px) 100vw, 854px\" \/><\/figure>\n\n\n\n<p><\/p>\n\n\n\n<p>As inscri\u00e7\u00f5es est\u00e3o abertas at\u00e9 o dia 24 de abril e devem ser feitas por meio de formul\u00e1rio online, dispon\u00edvel na bio do Instagram @alternativaproduc. \u00c9 necess\u00e1rio enviar as letras das m\u00fasicas e os links para as composi\u00e7\u00f5es (em \u00e1udio ou v\u00eddeo).<\/p>\n\n\n\n<p>O projeto \u00e9 idealizado pela Alternativa Produ\u00e7\u00f5es e realizado com recursos da Pol\u00edtica Nacional Aldir Blanc (PNAB), por meio da Secretaria Estadual de Cultura do Tocantins.<\/p>\n\n\n\n<p><strong>Evento<\/strong><\/p>\n\n\n\n<p>A Noite de Compositores \u00e9 um espa\u00e7o de celebra\u00e7\u00e3o da diversidade musical, promovendo encontros entre artistas, p\u00fablico e a produ\u00e7\u00e3o cultural local. A primeira edi\u00e7\u00e3o, realizada no dia 26 de mar\u00e7o, reuniu talentos de diferentes estilos e foi um sucesso de p\u00fablico e cr\u00edtica.<\/p>\n\n\n\n<p>O respons\u00e1vel e idealizador do projeto, o produtor cultural, fot\u00f3grafo, artes\u00e3o e m\u00fasico Marcio Kleber, aponta que o projeto promete movimentar a cena musical autoral da cidade. \u201cCada um deles trar\u00e1 sua identidade musical, suas hist\u00f3rias e inspira\u00e7\u00f5es, oferecendo um mosaico sonoro rico e diverso\u201d, aponta o produtor.<\/p>\n\n\n\n<p>Ele acrescenta ainda que, al\u00e9m de promover a diversidade musical, a iniciativa busca incentivar a cena autoral e aproximar o p\u00fablico das hist\u00f3rias e sentimentos por tr\u00e1s de cada can\u00e7\u00e3o. &#8220;Sempre sentimos falta de eventos que realmente deem espa\u00e7o para a cena autoral. A Noite dos Compositores surge para preencher essa lacuna, dar voz a artistas que t\u00eam muito a dizer e a cantar. \u00c9 um convite para o p\u00fablico descobrir novos sons e prestigiar talentos que fazem da m\u00fasica sua forma de express\u00e3o&#8221;, complementa Marcio.<\/p>\n\n\n\n<p>O evento vai contar ainda com apresenta\u00e7\u00f5es em Libras. A segunda apresenta\u00e7\u00e3o se realizar\u00e1 no dia 30 de abril e a terceira ser\u00e1 no dia 28 de maio, todos no Bar do Torresmo O objetivo da Noite dos Compositores \u00e9 de fortalecer a comunidade musical, incentivar a composi\u00e7\u00e3o e criar um ambiente onde artistas possam compartilhar suas obras com o p\u00fablico de maneira aut\u00eantica e direta.<\/p>\n\n\n\n<p><strong>Servi\u00e7o:<\/strong><\/p>\n\n\n\n<p><img decoding=\"async\" alt=\"\ud83d\udccd\" src=\"https:\/\/fonts.gstatic.com\/s\/e\/notoemoji\/16.0\/1f4cd\/32.png\">&nbsp;Noite de Compositores \u2013 2\u00aa edi\u00e7\u00e3o<\/p>\n\n\n\n<p><img decoding=\"async\" alt=\"\ud83d\uddd3\" src=\"https:\/\/fonts.gstatic.com\/s\/e\/notoemoji\/16.0\/1f5d3\/32.png\">&nbsp;30 de abril de 2025, \u00e0s 20h<\/p>\n\n\n\n<p><img decoding=\"async\" alt=\"\ud83d\udccc\" src=\"https:\/\/fonts.gstatic.com\/s\/e\/notoemoji\/16.0\/1f4cc\/32.png\">&nbsp;Bar do Torresmo \u2013 Palmas\/TO<\/p>\n\n\n\n<p><img decoding=\"async\" alt=\"\ud83c\udfb5\" src=\"https:\/\/fonts.gstatic.com\/s\/e\/notoemoji\/16.0\/1f3b5\/32.png\">&nbsp;10 artistas selecionados \u2013 2 m\u00fasicas autorais cada<\/p>\n\n\n\n<p><img decoding=\"async\" alt=\"\ud83d\udcb0\" src=\"https:\/\/fonts.gstatic.com\/s\/e\/notoemoji\/16.0\/1f4b0\/32.png\">&nbsp;Ajuda de custo: R$ 150,00 por artista<\/p>\n\n\n\n<p><img decoding=\"async\" alt=\"\ud83d\udcdd\" src=\"https:\/\/fonts.gstatic.com\/s\/e\/notoemoji\/16.0\/1f4dd\/32.png\">&nbsp;Inscri\u00e7\u00f5es at\u00e9 24\/04\/2025 pelo formul\u00e1rio dispon\u00edvel na bio do Instagram @alternatiaproduc<\/p>\n\n\n\n<figure class=\"wp-block-image size-large\"><img loading=\"lazy\" decoding=\"async\" width=\"1024\" height=\"256\" src=\"https:\/\/focotocantinense.com.br\/wp-content\/uploads\/2025\/04\/Vinicius-Martins-ESPECIALISTA-EM-RISOS-5-1024x256.jpeg\" alt=\"\" class=\"wp-image-9982\" srcset=\"https:\/\/focotocantinense.com.br\/wp-content\/uploads\/2025\/04\/Vinicius-Martins-ESPECIALISTA-EM-RISOS-5-1024x256.jpeg 1024w, https:\/\/focotocantinense.com.br\/wp-content\/uploads\/2025\/04\/Vinicius-Martins-ESPECIALISTA-EM-RISOS-5-300x75.jpeg 300w, https:\/\/focotocantinense.com.br\/wp-content\/uploads\/2025\/04\/Vinicius-Martins-ESPECIALISTA-EM-RISOS-5-768x192.jpeg 768w, https:\/\/focotocantinense.com.br\/wp-content\/uploads\/2025\/04\/Vinicius-Martins-ESPECIALISTA-EM-RISOS-5-1536x384.jpeg 1536w, https:\/\/focotocantinense.com.br\/wp-content\/uploads\/2025\/04\/Vinicius-Martins-ESPECIALISTA-EM-RISOS-5.jpeg 1584w\" sizes=\"auto, (max-width: 1024px) 100vw, 1024px\" \/><\/figure>\n","protected":false},"excerpt":{"rendered":"<p>A Alternativa Produ\u00e7\u00f5es abre inscri\u00e7\u00f5es para a segunda edi\u00e7\u00e3o da Noite de Compositores, evento que tem como miss\u00e3o fortalecer a cena musical autoral e dar visibilidade a artistas independentes. A apresenta\u00e7\u00e3o ser\u00e1 realizada no dia 30 de abril, a partir das 20 horas, Bar do Torresmo, em Palmas (TO). Nesta edi\u00e7\u00e3o, ser\u00e3o selecionados 10 compositores &hellip;<\/p>\n","protected":false},"author":5,"featured_media":10010,"comment_status":"open","ping_status":"open","sticky":false,"template":"","format":"standard","meta":{"footnotes":""},"categories":[1],"tags":[],"class_list":["post-10009","post","type-post","status-publish","format-standard","has-post-thumbnail","","category-sem-categoria"],"_links":{"self":[{"href":"https:\/\/focotocantinense.com.br\/index.php?rest_route=\/wp\/v2\/posts\/10009","targetHints":{"allow":["GET"]}}],"collection":[{"href":"https:\/\/focotocantinense.com.br\/index.php?rest_route=\/wp\/v2\/posts"}],"about":[{"href":"https:\/\/focotocantinense.com.br\/index.php?rest_route=\/wp\/v2\/types\/post"}],"author":[{"embeddable":true,"href":"https:\/\/focotocantinense.com.br\/index.php?rest_route=\/wp\/v2\/users\/5"}],"replies":[{"embeddable":true,"href":"https:\/\/focotocantinense.com.br\/index.php?rest_route=%2Fwp%2Fv2%2Fcomments&post=10009"}],"version-history":[{"count":3,"href":"https:\/\/focotocantinense.com.br\/index.php?rest_route=\/wp\/v2\/posts\/10009\/revisions"}],"predecessor-version":[{"id":10013,"href":"https:\/\/focotocantinense.com.br\/index.php?rest_route=\/wp\/v2\/posts\/10009\/revisions\/10013"}],"wp:featuredmedia":[{"embeddable":true,"href":"https:\/\/focotocantinense.com.br\/index.php?rest_route=\/wp\/v2\/media\/10010"}],"wp:attachment":[{"href":"https:\/\/focotocantinense.com.br\/index.php?rest_route=%2Fwp%2Fv2%2Fmedia&parent=10009"}],"wp:term":[{"taxonomy":"category","embeddable":true,"href":"https:\/\/focotocantinense.com.br\/index.php?rest_route=%2Fwp%2Fv2%2Fcategories&post=10009"},{"taxonomy":"post_tag","embeddable":true,"href":"https:\/\/focotocantinense.com.br\/index.php?rest_route=%2Fwp%2Fv2%2Ftags&post=10009"}],"curies":[{"name":"wp","href":"https:\/\/api.w.org\/{rel}","templated":true}]}}