{"id":10002,"date":"2025-04-16T11:24:59","date_gmt":"2025-04-16T14:24:59","guid":{"rendered":"https:\/\/focotocantinense.com.br\/?p=10002"},"modified":"2025-04-16T11:26:35","modified_gmt":"2025-04-16T14:26:35","slug":"ipasgu-chega-a-lagoa-da-confusao-com-parceria-firmada-pela-prefeitura-de-gurupi","status":"publish","type":"post","link":"https:\/\/focotocantinense.com.br\/?p=10002","title":{"rendered":"Ipasgu chega \u00e0 Lagoa da Confus\u00e3o com parceria firmada pela Prefeitura de Gurupi"},"content":{"rendered":"\n<p>Na manh\u00e3 desta quarta-feira (16), a Prefeitura de Gurupi, por meio do Instituto de Assist\u00eancia dos Servidores de Gurupi (Ipasgu), assinou um termo de conv\u00eanio com a Prefeitura de Lagoa da Confus\u00e3o. A parceria permitir\u00e1 que os servidores p\u00fablicos, tanto do quadro direto quanto indireto do munic\u00edpio parceiro, tenham acesso aos servi\u00e7os oferecidos pelo Ipasgu, incluindo assist\u00eancia m\u00e9dica, odontol\u00f3gica, fisioterap\u00eautica, entre outros atendimentos com profissionais credenciados.<\/p>\n\n\n\n<p>Durante o encontro, a prefeita de Gurupi, Josi Nunes, destacou a import\u00e2ncia da expans\u00e3o do instituto e da credibilidade conquistada ao longo dos anos \u201cNosso sistema de sa\u00fade, o Ipasgu, cresceu bastante, e o interesse de outros munic\u00edpios tem aumentado. A ades\u00e3o de Lagoa da Confus\u00e3o demonstra a confian\u00e7a que a nossa institui\u00e7\u00e3o construiu\u201d, ressaltou.<\/p>\n\n\n\n<figure class=\"wp-block-image size-large is-resized\"><img loading=\"lazy\" decoding=\"async\" width=\"1024\" height=\"685\" src=\"https:\/\/focotocantinense.com.br\/wp-content\/uploads\/2025\/04\/946df225-fb29-4c3e-9df7-bcb5596b7d33-1024x685.jpeg\" alt=\"\" class=\"wp-image-10004\" style=\"width:396px;height:auto\" srcset=\"https:\/\/focotocantinense.com.br\/wp-content\/uploads\/2025\/04\/946df225-fb29-4c3e-9df7-bcb5596b7d33-1024x685.jpeg 1024w, https:\/\/focotocantinense.com.br\/wp-content\/uploads\/2025\/04\/946df225-fb29-4c3e-9df7-bcb5596b7d33-300x201.jpeg 300w, https:\/\/focotocantinense.com.br\/wp-content\/uploads\/2025\/04\/946df225-fb29-4c3e-9df7-bcb5596b7d33-768x513.jpeg 768w, https:\/\/focotocantinense.com.br\/wp-content\/uploads\/2025\/04\/946df225-fb29-4c3e-9df7-bcb5596b7d33-110x75.jpeg 110w, https:\/\/focotocantinense.com.br\/wp-content\/uploads\/2025\/04\/946df225-fb29-4c3e-9df7-bcb5596b7d33.jpeg 1460w\" sizes=\"auto, (max-width: 1024px) 100vw, 1024px\" \/><\/figure>\n\n\n\n<p>Ao lado da prefeita de Gurupi, Josi Nunes, o prefeito de Lagoa da Confus\u00e3o, \u00a0Thiago Soares Carlos, tamb\u00e9m participou da cerim\u00f4nia\u00a0<\/p>\n\n\n\n<figure class=\"wp-block-image size-large\"><img loading=\"lazy\" decoding=\"async\" width=\"1024\" height=\"256\" src=\"https:\/\/focotocantinense.com.br\/wp-content\/uploads\/2025\/04\/Vinicius-Martins-ESPECIALISTA-EM-RISOS-5-1024x256.jpeg\" alt=\"\" class=\"wp-image-9982\" srcset=\"https:\/\/focotocantinense.com.br\/wp-content\/uploads\/2025\/04\/Vinicius-Martins-ESPECIALISTA-EM-RISOS-5-1024x256.jpeg 1024w, https:\/\/focotocantinense.com.br\/wp-content\/uploads\/2025\/04\/Vinicius-Martins-ESPECIALISTA-EM-RISOS-5-300x75.jpeg 300w, https:\/\/focotocantinense.com.br\/wp-content\/uploads\/2025\/04\/Vinicius-Martins-ESPECIALISTA-EM-RISOS-5-768x192.jpeg 768w, https:\/\/focotocantinense.com.br\/wp-content\/uploads\/2025\/04\/Vinicius-Martins-ESPECIALISTA-EM-RISOS-5-1536x384.jpeg 1536w, https:\/\/focotocantinense.com.br\/wp-content\/uploads\/2025\/04\/Vinicius-Martins-ESPECIALISTA-EM-RISOS-5.jpeg 1584w\" sizes=\"auto, (max-width: 1024px) 100vw, 1024px\" \/><\/figure>\n","protected":false},"excerpt":{"rendered":"<p>Na manh\u00e3 desta quarta-feira (16), a Prefeitura de Gurupi, por meio do Instituto de Assist\u00eancia dos Servidores de Gurupi (Ipasgu), assinou um termo de conv\u00eanio com a Prefeitura de Lagoa da Confus\u00e3o. A parceria permitir\u00e1 que os servidores p\u00fablicos, tanto do quadro direto quanto indireto do munic\u00edpio parceiro, tenham acesso aos servi\u00e7os oferecidos pelo Ipasgu, &hellip;<\/p>\n","protected":false},"author":5,"featured_media":10003,"comment_status":"open","ping_status":"open","sticky":false,"template":"","format":"standard","meta":{"footnotes":""},"categories":[71],"tags":[],"class_list":["post-10002","post","type-post","status-publish","format-standard","has-post-thumbnail","","category-lagoa-da-confusao"],"_links":{"self":[{"href":"https:\/\/focotocantinense.com.br\/index.php?rest_route=\/wp\/v2\/posts\/10002","targetHints":{"allow":["GET"]}}],"collection":[{"href":"https:\/\/focotocantinense.com.br\/index.php?rest_route=\/wp\/v2\/posts"}],"about":[{"href":"https:\/\/focotocantinense.com.br\/index.php?rest_route=\/wp\/v2\/types\/post"}],"author":[{"embeddable":true,"href":"https:\/\/focotocantinense.com.br\/index.php?rest_route=\/wp\/v2\/users\/5"}],"replies":[{"embeddable":true,"href":"https:\/\/focotocantinense.com.br\/index.php?rest_route=%2Fwp%2Fv2%2Fcomments&post=10002"}],"version-history":[{"count":4,"href":"https:\/\/focotocantinense.com.br\/index.php?rest_route=\/wp\/v2\/posts\/10002\/revisions"}],"predecessor-version":[{"id":10008,"href":"https:\/\/focotocantinense.com.br\/index.php?rest_route=\/wp\/v2\/posts\/10002\/revisions\/10008"}],"wp:featuredmedia":[{"embeddable":true,"href":"https:\/\/focotocantinense.com.br\/index.php?rest_route=\/wp\/v2\/media\/10003"}],"wp:attachment":[{"href":"https:\/\/focotocantinense.com.br\/index.php?rest_route=%2Fwp%2Fv2%2Fmedia&parent=10002"}],"wp:term":[{"taxonomy":"category","embeddable":true,"href":"https:\/\/focotocantinense.com.br\/index.php?rest_route=%2Fwp%2Fv2%2Fcategories&post=10002"},{"taxonomy":"post_tag","embeddable":true,"href":"https:\/\/focotocantinense.com.br\/index.php?rest_route=%2Fwp%2Fv2%2Ftags&post=10002"}],"curies":[{"name":"wp","href":"https:\/\/api.w.org\/{rel}","templated":true}]}}